{"id":153,"date":"2024-05-03T09:54:23","date_gmt":"2024-05-03T12:54:23","guid":{"rendered":"https:\/\/artebotanicabrasil.com.br\/?p=153"},"modified":"2024-05-03T09:56:30","modified_gmt":"2024-05-03T12:56:30","slug":"exposicao","status":"publish","type":"post","link":"https:\/\/artebotanicabrasil.com.br\/index.php\/2024\/05\/03\/exposicao\/","title":{"rendered":"Exposi\u00e7\u00e3o"},"content":{"rendered":"\t\t<div data-elementor-type=\"wp-post\" data-elementor-id=\"153\" class=\"elementor elementor-153\">\n\t\t\t\t\t\t<section class=\"elementor-section elementor-top-section elementor-element elementor-element-3c4ce31 elementor-section-boxed elementor-section-height-default elementor-section-height-default\" data-id=\"3c4ce31\" data-element_type=\"section\">\n\t\t\t\t\t\t<div class=\"elementor-container elementor-column-gap-default\">\n\t\t\t\t\t<div class=\"elementor-column elementor-col-100 elementor-top-column elementor-element elementor-element-7e28518\" data-id=\"7e28518\" data-element_type=\"column\">\n\t\t\t<div class=\"elementor-widget-wrap elementor-element-populated\">\n\t\t\t\t\t\t<div class=\"elementor-element elementor-element-50ba448 elementor-widget__width-initial elementor-widget elementor-widget-image\" data-id=\"50ba448\" data-element_type=\"widget\" data-widget_type=\"image.default\">\n\t\t\t\t<div class=\"elementor-widget-container\">\n\t\t\t\t\t\t\t\t\t\t\t\t\t\t\t<img fetchpriority=\"high\" decoding=\"async\" width=\"1024\" height=\"167\" src=\"https:\/\/artebotanicabrasil.com.br\/wp-content\/uploads\/2024\/05\/ONE_LINE_COLOR-1024x167.png\" class=\"attachment-large size-large wp-image-140\" alt=\"Logo linear\" srcset=\"https:\/\/artebotanicabrasil.com.br\/wp-content\/uploads\/2024\/05\/ONE_LINE_COLOR-1024x167.png 1024w, https:\/\/artebotanicabrasil.com.br\/wp-content\/uploads\/2024\/05\/ONE_LINE_COLOR-300x49.png 300w, https:\/\/artebotanicabrasil.com.br\/wp-content\/uploads\/2024\/05\/ONE_LINE_COLOR-768x125.png 768w, https:\/\/artebotanicabrasil.com.br\/wp-content\/uploads\/2024\/05\/ONE_LINE_COLOR-570x93.png 570w, https:\/\/artebotanicabrasil.com.br\/wp-content\/uploads\/2024\/05\/ONE_LINE_COLOR.png 1190w\" sizes=\"(max-width: 1024px) 100vw, 1024px\" \/>\t\t\t\t\t\t\t\t\t\t\t\t\t\t\t<\/div>\n\t\t\t\t<\/div>\n\t\t\t\t\t<\/div>\n\t\t<\/div>\n\t\t\t\t\t<\/div>\n\t\t<\/section>\n\t\t\t\t<section class=\"elementor-section elementor-top-section elementor-element elementor-element-281c1c3 elementor-section-boxed elementor-section-height-default elementor-section-height-default\" data-id=\"281c1c3\" data-element_type=\"section\">\n\t\t\t\t\t\t<div class=\"elementor-container elementor-column-gap-default\">\n\t\t\t\t\t<div class=\"elementor-column elementor-col-100 elementor-top-column elementor-element elementor-element-fadca48\" data-id=\"fadca48\" data-element_type=\"column\">\n\t\t\t<div class=\"elementor-widget-wrap elementor-element-populated\">\n\t\t\t\t\t\t<div class=\"elementor-element elementor-element-2ccad72 elementor-widget elementor-widget-text-editor\" data-id=\"2ccad72\" data-element_type=\"widget\" data-widget_type=\"text-editor.default\">\n\t\t\t\t<div class=\"elementor-widget-container\">\n\t\t\t\t\t\t\t\t\t<p>A exposi\u00e7\u00e3o no Brasil ocorrer\u00e1 no Centro Cultural Casa Thomas Jefferson, em Bras\u00edlia.\u00a0<\/p><p>A Casa Thomas Jefferson \u00e9 um Centro Cultural Binacional reconhecido pela excel\u00eancia em sua \u00e1rea de atua\u00e7\u00e3o. Foi inaugurado em Bras\u00edlia em 1963 e apoia atividades de cunho cultural desde ent\u00e3o.\u00a0<\/p><p>Mais informa\u00e7\u00f5es podem ser encontradas em:\u00a0<a href=\"https:\/\/thomas.org.br\/\">https:\/\/thomas.org.br<\/a><\/p><p>A Galeria \u00e9 um espa\u00e7o perfeito para exposi\u00e7\u00f5es, com \u00f3tima ilumina\u00e7\u00e3o e infraestrutura expositiva.\u00a0<\/p>\t\t\t\t\t\t\t\t<\/div>\n\t\t\t\t<\/div>\n\t\t\t\t\t<\/div>\n\t\t<\/div>\n\t\t\t\t\t<\/div>\n\t\t<\/section>\n\t\t\t\t<section class=\"elementor-section elementor-top-section elementor-element elementor-element-c35c1ec elementor-section-boxed elementor-section-height-default elementor-section-height-default\" data-id=\"c35c1ec\" data-element_type=\"section\">\n\t\t\t\t\t\t<div class=\"elementor-container elementor-column-gap-default\">\n\t\t\t\t\t<div class=\"elementor-column elementor-col-50 elementor-top-column elementor-element elementor-element-ea56680\" data-id=\"ea56680\" data-element_type=\"column\">\n\t\t\t<div class=\"elementor-widget-wrap elementor-element-populated\">\n\t\t\t\t\t\t<div class=\"elementor-element elementor-element-d46d497 elementor-widget elementor-widget-image\" data-id=\"d46d497\" data-element_type=\"widget\" data-widget_type=\"image.default\">\n\t\t\t\t<div class=\"elementor-widget-container\">\n\t\t\t\t\t\t\t\t\t\t\t\t\t\t\t<img decoding=\"async\" width=\"1024\" height=\"411\" src=\"https:\/\/artebotanicabrasil.com.br\/wp-content\/uploads\/2024\/05\/Galeria_exterior_web-1024x411.jpg\" class=\"attachment-large size-large wp-image-130\" alt=\"Galeria vista exterior\" srcset=\"https:\/\/artebotanicabrasil.com.br\/wp-content\/uploads\/2024\/05\/Galeria_exterior_web-1024x411.jpg 1024w, https:\/\/artebotanicabrasil.com.br\/wp-content\/uploads\/2024\/05\/Galeria_exterior_web-300x121.jpg 300w, https:\/\/artebotanicabrasil.com.br\/wp-content\/uploads\/2024\/05\/Galeria_exterior_web-768x308.jpg 768w, https:\/\/artebotanicabrasil.com.br\/wp-content\/uploads\/2024\/05\/Galeria_exterior_web-1536x617.jpg 1536w, https:\/\/artebotanicabrasil.com.br\/wp-content\/uploads\/2024\/05\/Galeria_exterior_web-2048x823.jpg 2048w, https:\/\/artebotanicabrasil.com.br\/wp-content\/uploads\/2024\/05\/Galeria_exterior_web-570x229.jpg 570w, https:\/\/artebotanicabrasil.com.br\/wp-content\/uploads\/2024\/05\/Galeria_exterior_web-1110x444.jpg 1110w\" sizes=\"(max-width: 1024px) 100vw, 1024px\" \/>\t\t\t\t\t\t\t\t\t\t\t\t\t\t\t<\/div>\n\t\t\t\t<\/div>\n\t\t\t\t\t<\/div>\n\t\t<\/div>\n\t\t\t\t<div class=\"elementor-column elementor-col-50 elementor-top-column elementor-element elementor-element-162d476\" data-id=\"162d476\" data-element_type=\"column\">\n\t\t\t<div class=\"elementor-widget-wrap elementor-element-populated\">\n\t\t\t\t\t\t<div class=\"elementor-element elementor-element-56b6249 elementor-widget elementor-widget-image\" data-id=\"56b6249\" data-element_type=\"widget\" data-widget_type=\"image.default\">\n\t\t\t\t<div class=\"elementor-widget-container\">\n\t\t\t\t\t\t\t\t\t\t\t\t\t\t\t<img decoding=\"async\" width=\"1024\" height=\"411\" src=\"https:\/\/artebotanicabrasil.com.br\/wp-content\/uploads\/2024\/05\/Galeria_interior_web-1-1024x411.jpg\" class=\"attachment-large size-large wp-image-132\" alt=\"Galeria vista do interior\" srcset=\"https:\/\/artebotanicabrasil.com.br\/wp-content\/uploads\/2024\/05\/Galeria_interior_web-1-1024x411.jpg 1024w, https:\/\/artebotanicabrasil.com.br\/wp-content\/uploads\/2024\/05\/Galeria_interior_web-1-300x121.jpg 300w, https:\/\/artebotanicabrasil.com.br\/wp-content\/uploads\/2024\/05\/Galeria_interior_web-1-768x308.jpg 768w, https:\/\/artebotanicabrasil.com.br\/wp-content\/uploads\/2024\/05\/Galeria_interior_web-1-1536x617.jpg 1536w, https:\/\/artebotanicabrasil.com.br\/wp-content\/uploads\/2024\/05\/Galeria_interior_web-1-2048x823.jpg 2048w, https:\/\/artebotanicabrasil.com.br\/wp-content\/uploads\/2024\/05\/Galeria_interior_web-1-570x229.jpg 570w, https:\/\/artebotanicabrasil.com.br\/wp-content\/uploads\/2024\/05\/Galeria_interior_web-1-1110x444.jpg 1110w\" sizes=\"(max-width: 1024px) 100vw, 1024px\" \/>\t\t\t\t\t\t\t\t\t\t\t\t\t\t\t<\/div>\n\t\t\t\t<\/div>\n\t\t\t\t\t<\/div>\n\t\t<\/div>\n\t\t\t\t\t<\/div>\n\t\t<\/section>\n\t\t\t\t<section class=\"elementor-section elementor-top-section elementor-element elementor-element-d4508ed elementor-section-boxed elementor-section-height-default elementor-section-height-default\" data-id=\"d4508ed\" data-element_type=\"section\">\n\t\t\t\t\t\t<div class=\"elementor-container elementor-column-gap-default\">\n\t\t\t\t\t<div class=\"elementor-column elementor-col-100 elementor-top-column elementor-element elementor-element-666ed19\" data-id=\"666ed19\" data-element_type=\"column\">\n\t\t\t<div class=\"elementor-widget-wrap elementor-element-populated\">\n\t\t\t\t\t\t<div class=\"elementor-element elementor-element-e36072a elementor-widget elementor-widget-text-editor\" data-id=\"e36072a\" data-element_type=\"widget\" data-widget_type=\"text-editor.default\">\n\t\t\t\t<div class=\"elementor-widget-container\">\n\t\t\t\t\t\t\t\t\t<p>A abertura ser\u00e1 no dia\u00a0<strong>16 de maio de 2025, 18hs<\/strong>.<\/p><p>A exposi\u00e7\u00e3o permanecer\u00e1 aberta ao p\u00fablico do dia\u00a0<strong>16 de maio a 19 de junho de 2025<\/strong>.<\/p><p><strong>Endere\u00e7o<\/strong>:\u00a0SEPS 706, Via W5 Sul, 906 \u2013 Asa Sul, Bras\u00edlia \u2013 DF, 70390-065<\/p>\t\t\t\t\t\t\t\t<\/div>\n\t\t\t\t<\/div>\n\t\t\t\t\t<\/div>\n\t\t<\/div>\n\t\t\t\t\t<\/div>\n\t\t<\/section>\n\t\t\t\t<\/div>\n\t\t","protected":false},"excerpt":{"rendered":"<p>A exposi\u00e7\u00e3o no Brasil ocorrer\u00e1 no Centro Cultural Casa Thomas Jefferson, em Bras\u00edlia.\u00a0 A Casa Thomas Jefferson \u00e9 um Centro Cultural Binacional reconhecido pela excel\u00eancia em sua \u00e1rea de atua\u00e7\u00e3o. Foi inaugurado em Bras\u00edlia em 1963 e apoia atividades de cunho cultural desde ent\u00e3o.\u00a0 Mais informa\u00e7\u00f5es podem ser encontradas em:\u00a0https:\/\/thomas.org.br A Galeria \u00e9 um espa\u00e7o [&hellip;]<\/p>\n","protected":false},"author":1,"featured_media":158,"comment_status":"open","ping_status":"open","sticky":false,"template":"","format":"standard","meta":{"footnotes":""},"categories":[3],"tags":[],"class_list":{"0":"post-153","1":"post","2":"type-post","3":"status-publish","4":"format-standard","5":"has-post-thumbnail","7":"category-historico","8":"czr-hentry"},"_links":{"self":[{"href":"https:\/\/artebotanicabrasil.com.br\/index.php\/wp-json\/wp\/v2\/posts\/153","targetHints":{"allow":["GET"]}}],"collection":[{"href":"https:\/\/artebotanicabrasil.com.br\/index.php\/wp-json\/wp\/v2\/posts"}],"about":[{"href":"https:\/\/artebotanicabrasil.com.br\/index.php\/wp-json\/wp\/v2\/types\/post"}],"author":[{"embeddable":true,"href":"https:\/\/artebotanicabrasil.com.br\/index.php\/wp-json\/wp\/v2\/users\/1"}],"replies":[{"embeddable":true,"href":"https:\/\/artebotanicabrasil.com.br\/index.php\/wp-json\/wp\/v2\/comments?post=153"}],"version-history":[{"count":4,"href":"https:\/\/artebotanicabrasil.com.br\/index.php\/wp-json\/wp\/v2\/posts\/153\/revisions"}],"predecessor-version":[{"id":157,"href":"https:\/\/artebotanicabrasil.com.br\/index.php\/wp-json\/wp\/v2\/posts\/153\/revisions\/157"}],"wp:featuredmedia":[{"embeddable":true,"href":"https:\/\/artebotanicabrasil.com.br\/index.php\/wp-json\/wp\/v2\/media\/158"}],"wp:attachment":[{"href":"https:\/\/artebotanicabrasil.com.br\/index.php\/wp-json\/wp\/v2\/media?parent=153"}],"wp:term":[{"taxonomy":"category","embeddable":true,"href":"https:\/\/artebotanicabrasil.com.br\/index.php\/wp-json\/wp\/v2\/categories?post=153"},{"taxonomy":"post_tag","embeddable":true,"href":"https:\/\/artebotanicabrasil.com.br\/index.php\/wp-json\/wp\/v2\/tags?post=153"}],"curies":[{"name":"wp","href":"https:\/\/api.w.org\/{rel}","templated":true}]}}